{"id":3862,"date":"2025-10-06T11:32:39","date_gmt":"2025-10-06T17:32:39","guid":{"rendered":"https:\/\/dfc3stg.wpenginepowered.com\/exito-en-el-punto-de-mira-en-las-dps\/"},"modified":"2025-10-06T11:32:39","modified_gmt":"2025-10-06T17:32:39","slug":"exito-en-el-punto-de-mira-en-las-dps","status":"publish","type":"post","link":"https:\/\/denverfamilies.org\/es\/exito-en-el-punto-de-mira-en-las-dps\/","title":{"rendered":"\u00c9xito en el punto de mira en las DPS"},"content":{"rendered":"<div class=\"xdj266r x14z9mp xat24cr x1lziwak x1vvkbs x126k92a\">\n<div dir=\"auto\">Aunque a\u00fan queda trabajo por hacer para cerrar las brechas de rendimiento, varias escuelas de las DPS est\u00e1n demostrando lo que es posible cuando los estudiantes de color y los de familias trabajadoras reciben el apoyo que merecen. Estas escuelas de las DPS est\u00e1n liderando el camino con s\u00f3lidos resultados en CMAS y SAT. Su \u00e9xito demuestra que la excelencia y la equidad pueden ir de la mano. \u00a1Aprendamos y elevemos estos puntos brillantes!   <\/div>\n<\/div>\n<div dir=\"auto\"><\/div>\n<div dir=\"auto\">\n<div id='gallery-1' class='gallery galleryid-3862 gallery-columns-3 gallery-size-large'><figure class='gallery-item'>\n\t\t\t<div class='gallery-icon portrait'>\n\t\t\t\t<img fetchpriority=\"high\" decoding=\"async\" width=\"768\" height=\"1024\" src=\"https:\/\/denverfamilies.org\/wp-content\/uploads\/2025\/10\/Post-1-Slide-1-768x1024.webp\" class=\"attachment-large size-large\" alt=\"\" srcset=\"https:\/\/denverfamilies.org\/wp-content\/uploads\/2025\/10\/Post-1-Slide-1-768x1024.webp 768w, https:\/\/denverfamilies.org\/wp-content\/uploads\/2025\/10\/Post-1-Slide-1-225x300.webp 225w, https:\/\/denverfamilies.org\/wp-content\/uploads\/2025\/10\/Post-1-Slide-1.webp 1080w\" sizes=\"(max-width: 768px) 100vw, 768px\" \/>\n\t\t\t<\/div><\/figure><figure class='gallery-item'>\n\t\t\t<div class='gallery-icon portrait'>\n\t\t\t\t<img decoding=\"async\" width=\"768\" height=\"1024\" src=\"https:\/\/denverfamilies.org\/wp-content\/uploads\/2025\/10\/Post-1-Slide-2-768x1024.webp\" class=\"attachment-large size-large\" alt=\"\" srcset=\"https:\/\/denverfamilies.org\/wp-content\/uploads\/2025\/10\/Post-1-Slide-2-768x1024.webp 768w, https:\/\/denverfamilies.org\/wp-content\/uploads\/2025\/10\/Post-1-Slide-2-225x300.webp 225w, https:\/\/denverfamilies.org\/wp-content\/uploads\/2025\/10\/Post-1-Slide-2.webp 1080w\" sizes=\"(max-width: 768px) 100vw, 768px\" \/>\n\t\t\t<\/div><\/figure><figure class='gallery-item'>\n\t\t\t<div class='gallery-icon portrait'>\n\t\t\t\t<img decoding=\"async\" width=\"768\" height=\"1024\" src=\"https:\/\/denverfamilies.org\/wp-content\/uploads\/2025\/10\/Post-1-Slide-3-768x1024.webp\" class=\"attachment-large size-large\" alt=\"\" srcset=\"https:\/\/denverfamilies.org\/wp-content\/uploads\/2025\/10\/Post-1-Slide-3-768x1024.webp 768w, https:\/\/denverfamilies.org\/wp-content\/uploads\/2025\/10\/Post-1-Slide-3-225x300.webp 225w, https:\/\/denverfamilies.org\/wp-content\/uploads\/2025\/10\/Post-1-Slide-3.webp 1080w\" sizes=\"(max-width: 768px) 100vw, 768px\" \/>\n\t\t\t<\/div><\/figure>\n\t\t<\/div>\n\n<\/div>\n<p>Diapositiva 1: <strong>Alta competencia en ELA en CMAS y tambi\u00e9n atienden al menos al 25% de estudiantes negros y\/o al 25% de estudiantes latinos<\/strong> <\/p>\n<ol>\n<li dir=\"auto\">DSST: Cedar Middle School<\/li>\n<li dir=\"auto\">DSST: Green Valley Ranch Middle School<\/li>\n<li dir=\"auto\">Highline Academy Southeast<\/li>\n<li dir=\"auto\">GALS Middle School<\/li>\n<li dir=\"auto\">KIPP Northeast Elementary<\/li>\n<li dir=\"auto\">Rocky Mountain Prep Creekside<\/li>\n<li dir=\"auto\">Valdez Elementary<\/li>\n<\/ol>\n<p>Diapositiva 2: <strong>Las 10 mejores escuelas secundarias de las DPS con competencia en ELA en el SAT entre los estudiantes que cumplen los requisitos para recibir almuerzo gratuito o a precio reducido<\/strong><\/p>\n<ol>\n<li>Denver School of the Arts<\/li>\n<li>DSST College View<\/li>\n<li>DSST Conservatory Green<\/li>\n<li>DSST Cedar High School<\/li>\n<li>DSST Cole High School<\/li>\n<li>DSST Green Valley Ranch High School<\/li>\n<li>DSST Montview<\/li>\n<li>East High School<\/li>\n<li>Rocky Mountain Prep RISE<\/li>\n<li>Thomas Jefferson High School<\/li>\n<\/ol>\n<p>Diapositiva 3: <strong>Las 10 mejores escuelas secundarias de las DPS con competencia en matem\u00e1ticas en el SAT entre los estudiantes que cumplen los requisitos para recibir almuerzo gratuito o a precio reducido<\/strong><\/p>\n<ol>\n<li>Denver School of the Arts<\/li>\n<li>DSST College View<\/li>\n<li>DSST Conservatory Green<\/li>\n<li>DSST Cedar High School<\/li>\n<li>DSST Cole High School<\/li>\n<li>DSST Green Valley Ranch High School<\/li>\n<li>DSST Montview<\/li>\n<li>DSST Elevate<\/li>\n<li>Northfield High School<\/li>\n<li>Rocky Mountain Prep SMART<\/li>\n<\/ol>\n<div dir=\"auto\"><\/div>\n","protected":false},"excerpt":{"rendered":"<p>Aunque a\u00fan queda trabajo por hacer para cerrar las brechas de rendimiento, varias escuelas de las DPS est\u00e1n demostrando lo que es posible cuando los estudiantes de color y los de familias trabajadoras reciben el apoyo que merecen. Estas escuelas de las DPS est\u00e1n liderando el camino con s\u00f3lidos resultados en CMAS y SAT. Su [&hellip;]<\/p>\n","protected":false},"author":1,"featured_media":3863,"comment_status":"closed","ping_status":"open","sticky":false,"template":"","format":"standard","meta":{"_acf_changed":false,"inline_featured_image":false,"footnotes":""},"categories":[41],"tags":[],"class_list":["post-3862","post","type-post","status-publish","format-standard","has-post-thumbnail","hentry","category-informes"],"acf":[],"yoast_head":"<!-- This site is optimized with the Yoast SEO plugin v27.3 - https:\/\/yoast.com\/product\/yoast-seo-wordpress\/ -->\n<title>\u00c9xito en el punto de mira en las DPS - Denver Families for Public Schools<\/title>\n<meta name=\"robots\" content=\"index, follow, max-snippet:-1, max-image-preview:large, max-video-preview:-1\" \/>\n<link rel=\"canonical\" href=\"https:\/\/denverfamilies.org\/es\/exito-en-el-punto-de-mira-en-las-dps\/\" \/>\n<meta property=\"og:locale\" content=\"es_ES\" \/>\n<meta property=\"og:type\" content=\"article\" \/>\n<meta property=\"og:title\" content=\"\u00c9xito en el punto de mira en las DPS - Denver Families for Public Schools\" \/>\n<meta property=\"og:description\" content=\"Aunque a\u00fan queda trabajo por hacer para cerrar las brechas de rendimiento, varias escuelas de las DPS est\u00e1n demostrando lo que es posible cuando los estudiantes de color y los de familias trabajadoras reciben el apoyo que merecen. Estas escuelas de las DPS est\u00e1n liderando el camino con s\u00f3lidos resultados en CMAS y SAT. Su [&hellip;]\" \/>\n<meta property=\"og:url\" content=\"https:\/\/denverfamilies.org\/es\/exito-en-el-punto-de-mira-en-las-dps\/\" \/>\n<meta property=\"og:site_name\" content=\"Denver Families for Public Schools\" \/>\n<meta property=\"article:publisher\" content=\"https:\/\/www.facebook.com\/DenverFamiliesforPublicSchools\" \/>\n<meta property=\"article:published_time\" content=\"2025-10-06T17:32:39+00:00\" \/>\n<meta property=\"og:image\" content=\"https:\/\/denverfamilies.org\/wp-content\/uploads\/2025\/12\/ROOTED-103.jpg\" \/>\n\t<meta property=\"og:image:width\" content=\"1200\" \/>\n\t<meta property=\"og:image:height\" content=\"800\" \/>\n\t<meta property=\"og:image:type\" content=\"image\/jpeg\" \/>\n<meta name=\"author\" content=\"campfire\" \/>\n<meta name=\"twitter:card\" content=\"summary_large_image\" \/>\n<meta name=\"twitter:label1\" content=\"Escrito por\" \/>\n\t<meta name=\"twitter:data1\" content=\"campfire\" \/>\n\t<meta name=\"twitter:label2\" content=\"Tiempo de lectura\" \/>\n\t<meta name=\"twitter:data2\" content=\"1 minuto\" \/>\n<script type=\"application\/ld+json\" class=\"yoast-schema-graph\">{\"@context\":\"https:\\\/\\\/schema.org\",\"@graph\":[{\"@type\":\"Article\",\"@id\":\"https:\\\/\\\/denverfamilies.org\\\/es\\\/exito-en-el-punto-de-mira-en-las-dps\\\/#article\",\"isPartOf\":{\"@id\":\"https:\\\/\\\/denverfamilies.org\\\/es\\\/exito-en-el-punto-de-mira-en-las-dps\\\/\"},\"author\":{\"name\":\"campfire\",\"@id\":\"https:\\\/\\\/denverfamilies.org\\\/es\\\/#\\\/schema\\\/person\\\/3d7a9e98c3a8eaeaa20892788a5d1d07\"},\"headline\":\"\u00c9xito en el punto de mira en las DPS\",\"datePublished\":\"2025-10-06T17:32:39+00:00\",\"mainEntityOfPage\":{\"@id\":\"https:\\\/\\\/denverfamilies.org\\\/es\\\/exito-en-el-punto-de-mira-en-las-dps\\\/\"},\"wordCount\":276,\"publisher\":{\"@id\":\"https:\\\/\\\/denverfamilies.org\\\/es\\\/#organization\"},\"image\":{\"@id\":\"https:\\\/\\\/denverfamilies.org\\\/es\\\/exito-en-el-punto-de-mira-en-las-dps\\\/#primaryimage\"},\"thumbnailUrl\":\"https:\\\/\\\/denverfamilies.org\\\/wp-content\\\/uploads\\\/2025\\\/12\\\/ROOTED-103.jpg\",\"articleSection\":[\"Informes\"],\"inLanguage\":\"es\"},{\"@type\":\"WebPage\",\"@id\":\"https:\\\/\\\/denverfamilies.org\\\/es\\\/exito-en-el-punto-de-mira-en-las-dps\\\/\",\"url\":\"https:\\\/\\\/denverfamilies.org\\\/es\\\/exito-en-el-punto-de-mira-en-las-dps\\\/\",\"name\":\"\u00c9xito en el punto de mira en las DPS - Denver Families for Public Schools\",\"isPartOf\":{\"@id\":\"https:\\\/\\\/denverfamilies.org\\\/es\\\/#website\"},\"primaryImageOfPage\":{\"@id\":\"https:\\\/\\\/denverfamilies.org\\\/es\\\/exito-en-el-punto-de-mira-en-las-dps\\\/#primaryimage\"},\"image\":{\"@id\":\"https:\\\/\\\/denverfamilies.org\\\/es\\\/exito-en-el-punto-de-mira-en-las-dps\\\/#primaryimage\"},\"thumbnailUrl\":\"https:\\\/\\\/denverfamilies.org\\\/wp-content\\\/uploads\\\/2025\\\/12\\\/ROOTED-103.jpg\",\"datePublished\":\"2025-10-06T17:32:39+00:00\",\"inLanguage\":\"es\",\"potentialAction\":[{\"@type\":\"ReadAction\",\"target\":[\"https:\\\/\\\/denverfamilies.org\\\/es\\\/exito-en-el-punto-de-mira-en-las-dps\\\/\"]}]},{\"@type\":\"ImageObject\",\"inLanguage\":\"es\",\"@id\":\"https:\\\/\\\/denverfamilies.org\\\/es\\\/exito-en-el-punto-de-mira-en-las-dps\\\/#primaryimage\",\"url\":\"https:\\\/\\\/denverfamilies.org\\\/wp-content\\\/uploads\\\/2025\\\/12\\\/ROOTED-103.jpg\",\"contentUrl\":\"https:\\\/\\\/denverfamilies.org\\\/wp-content\\\/uploads\\\/2025\\\/12\\\/ROOTED-103.jpg\",\"width\":1200,\"height\":800,\"caption\":\"Estudiantes de las DPS sentados en escalones riendo\"},{\"@type\":\"WebSite\",\"@id\":\"https:\\\/\\\/denverfamilies.org\\\/es\\\/#website\",\"url\":\"https:\\\/\\\/denverfamilies.org\\\/es\\\/\",\"name\":\"Denver Families for Public Schools\",\"description\":\"A strong public education system is the backbone of a strong democracy.\",\"publisher\":{\"@id\":\"https:\\\/\\\/denverfamilies.org\\\/es\\\/#organization\"},\"potentialAction\":[{\"@type\":\"SearchAction\",\"target\":{\"@type\":\"EntryPoint\",\"urlTemplate\":\"https:\\\/\\\/denverfamilies.org\\\/es\\\/?s={search_term_string}\"},\"query-input\":{\"@type\":\"PropertyValueSpecification\",\"valueRequired\":true,\"valueName\":\"search_term_string\"}}],\"inLanguage\":\"es\"},{\"@type\":\"Organization\",\"@id\":\"https:\\\/\\\/denverfamilies.org\\\/es\\\/#organization\",\"name\":\"Denver Families for Public Schools\",\"url\":\"https:\\\/\\\/denverfamilies.org\\\/es\\\/\",\"logo\":{\"@type\":\"ImageObject\",\"inLanguage\":\"es\",\"@id\":\"https:\\\/\\\/denverfamilies.org\\\/es\\\/#\\\/schema\\\/logo\\\/image\\\/\",\"url\":\"https:\\\/\\\/denverfamilies.org\\\/wp-content\\\/uploads\\\/2026\\\/01\\\/denver-families-logo.png\",\"contentUrl\":\"https:\\\/\\\/denverfamilies.org\\\/wp-content\\\/uploads\\\/2026\\\/01\\\/denver-families-logo.png\",\"width\":962,\"height\":240,\"caption\":\"Denver Families for Public Schools\"},\"image\":{\"@id\":\"https:\\\/\\\/denverfamilies.org\\\/es\\\/#\\\/schema\\\/logo\\\/image\\\/\"},\"sameAs\":[\"https:\\\/\\\/www.facebook.com\\\/DenverFamiliesforPublicSchools\",\"https:\\\/\\\/www.instagram.com\\\/denverfamilies\\\/\",\"https:\\\/\\\/www.linkedin.com\\\/company\\\/denverfamilies\"]},{\"@type\":\"Person\",\"@id\":\"https:\\\/\\\/denverfamilies.org\\\/es\\\/#\\\/schema\\\/person\\\/3d7a9e98c3a8eaeaa20892788a5d1d07\",\"name\":\"campfire\",\"image\":{\"@type\":\"ImageObject\",\"inLanguage\":\"es\",\"@id\":\"https:\\\/\\\/secure.gravatar.com\\\/avatar\\\/6733e6da6749032386727e5e45370abcb362d7179f4955387066655c85255e15?s=96&d=mm&r=g\",\"url\":\"https:\\\/\\\/secure.gravatar.com\\\/avatar\\\/6733e6da6749032386727e5e45370abcb362d7179f4955387066655c85255e15?s=96&d=mm&r=g\",\"contentUrl\":\"https:\\\/\\\/secure.gravatar.com\\\/avatar\\\/6733e6da6749032386727e5e45370abcb362d7179f4955387066655c85255e15?s=96&d=mm&r=g\",\"caption\":\"campfire\"},\"sameAs\":[\"https:\\\/\\\/dfc3prd.wpenginepowered.com\"]}]}<\/script>\n<!-- \/ Yoast SEO plugin. -->","yoast_head_json":{"title":"\u00c9xito en el punto de mira en las DPS - Denver Families for Public Schools","robots":{"index":"index","follow":"follow","max-snippet":"max-snippet:-1","max-image-preview":"max-image-preview:large","max-video-preview":"max-video-preview:-1"},"canonical":"https:\/\/denverfamilies.org\/es\/exito-en-el-punto-de-mira-en-las-dps\/","og_locale":"es_ES","og_type":"article","og_title":"\u00c9xito en el punto de mira en las DPS - Denver Families for Public Schools","og_description":"Aunque a\u00fan queda trabajo por hacer para cerrar las brechas de rendimiento, varias escuelas de las DPS est\u00e1n demostrando lo que es posible cuando los estudiantes de color y los de familias trabajadoras reciben el apoyo que merecen. Estas escuelas de las DPS est\u00e1n liderando el camino con s\u00f3lidos resultados en CMAS y SAT. Su [&hellip;]","og_url":"https:\/\/denverfamilies.org\/es\/exito-en-el-punto-de-mira-en-las-dps\/","og_site_name":"Denver Families for Public Schools","article_publisher":"https:\/\/www.facebook.com\/DenverFamiliesforPublicSchools","article_published_time":"2025-10-06T17:32:39+00:00","og_image":[{"width":1200,"height":800,"url":"https:\/\/denverfamilies.org\/wp-content\/uploads\/2025\/12\/ROOTED-103.jpg","type":"image\/jpeg"}],"author":"campfire","twitter_card":"summary_large_image","twitter_misc":{"Escrito por":"campfire","Tiempo de lectura":"1 minuto"},"schema":{"@context":"https:\/\/schema.org","@graph":[{"@type":"Article","@id":"https:\/\/denverfamilies.org\/es\/exito-en-el-punto-de-mira-en-las-dps\/#article","isPartOf":{"@id":"https:\/\/denverfamilies.org\/es\/exito-en-el-punto-de-mira-en-las-dps\/"},"author":{"name":"campfire","@id":"https:\/\/denverfamilies.org\/es\/#\/schema\/person\/3d7a9e98c3a8eaeaa20892788a5d1d07"},"headline":"\u00c9xito en el punto de mira en las DPS","datePublished":"2025-10-06T17:32:39+00:00","mainEntityOfPage":{"@id":"https:\/\/denverfamilies.org\/es\/exito-en-el-punto-de-mira-en-las-dps\/"},"wordCount":276,"publisher":{"@id":"https:\/\/denverfamilies.org\/es\/#organization"},"image":{"@id":"https:\/\/denverfamilies.org\/es\/exito-en-el-punto-de-mira-en-las-dps\/#primaryimage"},"thumbnailUrl":"https:\/\/denverfamilies.org\/wp-content\/uploads\/2025\/12\/ROOTED-103.jpg","articleSection":["Informes"],"inLanguage":"es"},{"@type":"WebPage","@id":"https:\/\/denverfamilies.org\/es\/exito-en-el-punto-de-mira-en-las-dps\/","url":"https:\/\/denverfamilies.org\/es\/exito-en-el-punto-de-mira-en-las-dps\/","name":"\u00c9xito en el punto de mira en las DPS - Denver Families for Public Schools","isPartOf":{"@id":"https:\/\/denverfamilies.org\/es\/#website"},"primaryImageOfPage":{"@id":"https:\/\/denverfamilies.org\/es\/exito-en-el-punto-de-mira-en-las-dps\/#primaryimage"},"image":{"@id":"https:\/\/denverfamilies.org\/es\/exito-en-el-punto-de-mira-en-las-dps\/#primaryimage"},"thumbnailUrl":"https:\/\/denverfamilies.org\/wp-content\/uploads\/2025\/12\/ROOTED-103.jpg","datePublished":"2025-10-06T17:32:39+00:00","inLanguage":"es","potentialAction":[{"@type":"ReadAction","target":["https:\/\/denverfamilies.org\/es\/exito-en-el-punto-de-mira-en-las-dps\/"]}]},{"@type":"ImageObject","inLanguage":"es","@id":"https:\/\/denverfamilies.org\/es\/exito-en-el-punto-de-mira-en-las-dps\/#primaryimage","url":"https:\/\/denverfamilies.org\/wp-content\/uploads\/2025\/12\/ROOTED-103.jpg","contentUrl":"https:\/\/denverfamilies.org\/wp-content\/uploads\/2025\/12\/ROOTED-103.jpg","width":1200,"height":800,"caption":"Estudiantes de las DPS sentados en escalones riendo"},{"@type":"WebSite","@id":"https:\/\/denverfamilies.org\/es\/#website","url":"https:\/\/denverfamilies.org\/es\/","name":"Denver Families for Public Schools","description":"A strong public education system is the backbone of a strong democracy.","publisher":{"@id":"https:\/\/denverfamilies.org\/es\/#organization"},"potentialAction":[{"@type":"SearchAction","target":{"@type":"EntryPoint","urlTemplate":"https:\/\/denverfamilies.org\/es\/?s={search_term_string}"},"query-input":{"@type":"PropertyValueSpecification","valueRequired":true,"valueName":"search_term_string"}}],"inLanguage":"es"},{"@type":"Organization","@id":"https:\/\/denverfamilies.org\/es\/#organization","name":"Denver Families for Public Schools","url":"https:\/\/denverfamilies.org\/es\/","logo":{"@type":"ImageObject","inLanguage":"es","@id":"https:\/\/denverfamilies.org\/es\/#\/schema\/logo\/image\/","url":"https:\/\/denverfamilies.org\/wp-content\/uploads\/2026\/01\/denver-families-logo.png","contentUrl":"https:\/\/denverfamilies.org\/wp-content\/uploads\/2026\/01\/denver-families-logo.png","width":962,"height":240,"caption":"Denver Families for Public Schools"},"image":{"@id":"https:\/\/denverfamilies.org\/es\/#\/schema\/logo\/image\/"},"sameAs":["https:\/\/www.facebook.com\/DenverFamiliesforPublicSchools","https:\/\/www.instagram.com\/denverfamilies\/","https:\/\/www.linkedin.com\/company\/denverfamilies"]},{"@type":"Person","@id":"https:\/\/denverfamilies.org\/es\/#\/schema\/person\/3d7a9e98c3a8eaeaa20892788a5d1d07","name":"campfire","image":{"@type":"ImageObject","inLanguage":"es","@id":"https:\/\/secure.gravatar.com\/avatar\/6733e6da6749032386727e5e45370abcb362d7179f4955387066655c85255e15?s=96&d=mm&r=g","url":"https:\/\/secure.gravatar.com\/avatar\/6733e6da6749032386727e5e45370abcb362d7179f4955387066655c85255e15?s=96&d=mm&r=g","contentUrl":"https:\/\/secure.gravatar.com\/avatar\/6733e6da6749032386727e5e45370abcb362d7179f4955387066655c85255e15?s=96&d=mm&r=g","caption":"campfire"},"sameAs":["https:\/\/dfc3prd.wpenginepowered.com"]}]}},"_links":{"self":[{"href":"https:\/\/denverfamilies.org\/es\/wp-json\/wp\/v2\/posts\/3862","targetHints":{"allow":["GET"]}}],"collection":[{"href":"https:\/\/denverfamilies.org\/es\/wp-json\/wp\/v2\/posts"}],"about":[{"href":"https:\/\/denverfamilies.org\/es\/wp-json\/wp\/v2\/types\/post"}],"author":[{"embeddable":true,"href":"https:\/\/denverfamilies.org\/es\/wp-json\/wp\/v2\/users\/1"}],"replies":[{"embeddable":true,"href":"https:\/\/denverfamilies.org\/es\/wp-json\/wp\/v2\/comments?post=3862"}],"version-history":[{"count":0,"href":"https:\/\/denverfamilies.org\/es\/wp-json\/wp\/v2\/posts\/3862\/revisions"}],"wp:featuredmedia":[{"embeddable":true,"href":"https:\/\/denverfamilies.org\/es\/wp-json\/wp\/v2\/media\/3863"}],"wp:attachment":[{"href":"https:\/\/denverfamilies.org\/es\/wp-json\/wp\/v2\/media?parent=3862"}],"wp:term":[{"taxonomy":"category","embeddable":true,"href":"https:\/\/denverfamilies.org\/es\/wp-json\/wp\/v2\/categories?post=3862"},{"taxonomy":"post_tag","embeddable":true,"href":"https:\/\/denverfamilies.org\/es\/wp-json\/wp\/v2\/tags?post=3862"}],"curies":[{"name":"wp","href":"https:\/\/api.w.org\/{rel}","templated":true}]}}