{"id":3854,"date":"2025-08-29T15:53:27","date_gmt":"2025-08-29T21:53:27","guid":{"rendered":"https:\/\/dfc3stg.wpenginepowered.com\/denver-families-se-opone-al-fallo-del-titulo-ix-contra-east-high-school\/"},"modified":"2025-08-29T15:53:27","modified_gmt":"2025-08-29T21:53:27","slug":"denver-families-se-opone-al-fallo-del-titulo-ix-contra-east-high-school","status":"publish","type":"post","link":"https:\/\/denverfamilies.org\/es\/denver-families-se-opone-al-fallo-del-titulo-ix-contra-east-high-school\/","title":{"rendered":"Denver Families se opone al fallo del T\u00edtulo IX contra East High School"},"content":{"rendered":"<h4><i>Denver Families cree firmemente que los estudiantes, educadores y familias LGBTQ+ tienen derecho a sentirse seguros y bienvenidos en la escuela.<\/i><\/h4>\n<p>Apoyamos a las Escuelas P\u00fablicas de Denver en su firme compromiso de proteger a los estudiantes LGBTQ+ y garantizar que todos los j\u00f3venes se sientan seguros y bienvenidos en nuestras escuelas. En respuesta al reciente fallo del T\u00edtulo IX del gobierno federal contra East High School, DPS ha adoptado una <a href=\"https:\/\/denverpsco.edurooms.com\/engage\/dr-alex-marrero-superintendent\/newsletters\/statement-on-office-of-civil-rights-findings-external\" target=\"_blank\" rel=\"noopener\">postura audaz<\/a> en favor de la inclusi\u00f3n y la equidad. <\/p>\n<p>Como organizaci\u00f3n sin \u00e1nimo de lucro que trabaja junto a las comunidades de las escuelas p\u00fablicas, nos preocupa profundamente la forma en que este ataque sienta un precedente de discriminaci\u00f3n y pone en riesgo fondos esenciales. Esto socava la educaci\u00f3n p\u00fablica en Denver y desestabiliza los sistemas de apoyo de acogida que nuestra comunidad se ha esforzado por construir. <\/p>\n<p>En un momento en que la educaci\u00f3n p\u00fablica se encuentra amenazada, Denver Families mantiene su compromiso de apoyar a todos los estudiantes de Denver. Seguiremos trabajando incansablemente para garantizar que todos los j\u00f3venes, independientemente de su identidad de g\u00e9nero, tengan los entornos de aprendizaje seguros, de apoyo y de alta calidad que se merecen. <\/p>\n","protected":false},"excerpt":{"rendered":"<p>Denver Families cree firmemente que los estudiantes, educadores y familias LGBTQ+ tienen derecho a sentirse seguros y bienvenidos en la escuela. Apoyamos a las Escuelas P\u00fablicas de Denver en su firme compromiso de proteger a los estudiantes LGBTQ+ y garantizar que todos los j\u00f3venes se sientan seguros y bienvenidos en nuestras escuelas. En respuesta al [&hellip;]<\/p>\n","protected":false},"author":1,"featured_media":3855,"comment_status":"closed","ping_status":"open","sticky":false,"template":"","format":"standard","meta":{"_acf_changed":false,"inline_featured_image":false,"footnotes":""},"categories":[37],"tags":[],"class_list":["post-3854","post","type-post","status-publish","format-standard","has-post-thumbnail","hentry","category-noticias"],"acf":[],"yoast_head":"<!-- This site is optimized with the Yoast SEO plugin v27.3 - https:\/\/yoast.com\/product\/yoast-seo-wordpress\/ -->\n<title>Denver Families se opone al fallo del T\u00edtulo IX contra East High School - Denver Families for Public Schools<\/title>\n<meta name=\"robots\" content=\"index, follow, max-snippet:-1, max-image-preview:large, max-video-preview:-1\" \/>\n<link rel=\"canonical\" href=\"https:\/\/denverfamilies.org\/es\/denver-families-se-opone-al-fallo-del-titulo-ix-contra-east-high-school\/\" \/>\n<meta property=\"og:locale\" content=\"es_ES\" \/>\n<meta property=\"og:type\" content=\"article\" \/>\n<meta property=\"og:title\" content=\"Denver Families se opone al fallo del T\u00edtulo IX contra East High School - Denver Families for Public Schools\" \/>\n<meta property=\"og:description\" content=\"Denver Families cree firmemente que los estudiantes, educadores y familias LGBTQ+ tienen derecho a sentirse seguros y bienvenidos en la escuela. Apoyamos a las Escuelas P\u00fablicas de Denver en su firme compromiso de proteger a los estudiantes LGBTQ+ y garantizar que todos los j\u00f3venes se sientan seguros y bienvenidos en nuestras escuelas. En respuesta al [&hellip;]\" \/>\n<meta property=\"og:url\" content=\"https:\/\/denverfamilies.org\/es\/denver-families-se-opone-al-fallo-del-titulo-ix-contra-east-high-school\/\" \/>\n<meta property=\"og:site_name\" content=\"Denver Families for Public Schools\" \/>\n<meta property=\"article:publisher\" content=\"https:\/\/www.facebook.com\/DenverFamiliesforPublicSchools\" \/>\n<meta property=\"article:published_time\" content=\"2025-08-29T21:53:27+00:00\" \/>\n<meta property=\"og:image\" content=\"https:\/\/denverfamilies.org\/wp-content\/uploads\/2025\/12\/CLCS_GALS_87.jpg\" \/>\n\t<meta property=\"og:image:width\" content=\"1200\" \/>\n\t<meta property=\"og:image:height\" content=\"800\" \/>\n\t<meta property=\"og:image:type\" content=\"image\/jpeg\" \/>\n<meta name=\"author\" content=\"campfire\" \/>\n<meta name=\"twitter:card\" content=\"summary_large_image\" \/>\n<meta name=\"twitter:label1\" content=\"Escrito por\" \/>\n\t<meta name=\"twitter:data1\" content=\"campfire\" \/>\n\t<meta name=\"twitter:label2\" content=\"Tiempo de lectura\" \/>\n\t<meta name=\"twitter:data2\" content=\"1 minuto\" \/>\n<script type=\"application\/ld+json\" class=\"yoast-schema-graph\">{\"@context\":\"https:\\\/\\\/schema.org\",\"@graph\":[{\"@type\":\"Article\",\"@id\":\"https:\\\/\\\/denverfamilies.org\\\/es\\\/denver-families-se-opone-al-fallo-del-titulo-ix-contra-east-high-school\\\/#article\",\"isPartOf\":{\"@id\":\"https:\\\/\\\/denverfamilies.org\\\/es\\\/denver-families-se-opone-al-fallo-del-titulo-ix-contra-east-high-school\\\/\"},\"author\":{\"name\":\"campfire\",\"@id\":\"https:\\\/\\\/denverfamilies.org\\\/es\\\/#\\\/schema\\\/person\\\/3d7a9e98c3a8eaeaa20892788a5d1d07\"},\"headline\":\"Denver Families se opone al fallo del T\u00edtulo IX contra East High School\",\"datePublished\":\"2025-08-29T21:53:27+00:00\",\"mainEntityOfPage\":{\"@id\":\"https:\\\/\\\/denverfamilies.org\\\/es\\\/denver-families-se-opone-al-fallo-del-titulo-ix-contra-east-high-school\\\/\"},\"wordCount\":221,\"publisher\":{\"@id\":\"https:\\\/\\\/denverfamilies.org\\\/es\\\/#organization\"},\"image\":{\"@id\":\"https:\\\/\\\/denverfamilies.org\\\/es\\\/denver-families-se-opone-al-fallo-del-titulo-ix-contra-east-high-school\\\/#primaryimage\"},\"thumbnailUrl\":\"https:\\\/\\\/denverfamilies.org\\\/wp-content\\\/uploads\\\/2025\\\/12\\\/CLCS_GALS_87.jpg\",\"articleSection\":[\"Noticias\"],\"inLanguage\":\"es\"},{\"@type\":\"WebPage\",\"@id\":\"https:\\\/\\\/denverfamilies.org\\\/es\\\/denver-families-se-opone-al-fallo-del-titulo-ix-contra-east-high-school\\\/\",\"url\":\"https:\\\/\\\/denverfamilies.org\\\/es\\\/denver-families-se-opone-al-fallo-del-titulo-ix-contra-east-high-school\\\/\",\"name\":\"Denver Families se opone al fallo del T\u00edtulo IX contra East High School - Denver Families for Public Schools\",\"isPartOf\":{\"@id\":\"https:\\\/\\\/denverfamilies.org\\\/es\\\/#website\"},\"primaryImageOfPage\":{\"@id\":\"https:\\\/\\\/denverfamilies.org\\\/es\\\/denver-families-se-opone-al-fallo-del-titulo-ix-contra-east-high-school\\\/#primaryimage\"},\"image\":{\"@id\":\"https:\\\/\\\/denverfamilies.org\\\/es\\\/denver-families-se-opone-al-fallo-del-titulo-ix-contra-east-high-school\\\/#primaryimage\"},\"thumbnailUrl\":\"https:\\\/\\\/denverfamilies.org\\\/wp-content\\\/uploads\\\/2025\\\/12\\\/CLCS_GALS_87.jpg\",\"datePublished\":\"2025-08-29T21:53:27+00:00\",\"inLanguage\":\"es\",\"potentialAction\":[{\"@type\":\"ReadAction\",\"target\":[\"https:\\\/\\\/denverfamilies.org\\\/es\\\/denver-families-se-opone-al-fallo-del-titulo-ix-contra-east-high-school\\\/\"]}]},{\"@type\":\"ImageObject\",\"inLanguage\":\"es\",\"@id\":\"https:\\\/\\\/denverfamilies.org\\\/es\\\/denver-families-se-opone-al-fallo-del-titulo-ix-contra-east-high-school\\\/#primaryimage\",\"url\":\"https:\\\/\\\/denverfamilies.org\\\/wp-content\\\/uploads\\\/2025\\\/12\\\/CLCS_GALS_87.jpg\",\"contentUrl\":\"https:\\\/\\\/denverfamilies.org\\\/wp-content\\\/uploads\\\/2025\\\/12\\\/CLCS_GALS_87.jpg\",\"width\":1200,\"height\":800,\"caption\":\"Estudiante de DPS levantando la mano\"},{\"@type\":\"WebSite\",\"@id\":\"https:\\\/\\\/denverfamilies.org\\\/es\\\/#website\",\"url\":\"https:\\\/\\\/denverfamilies.org\\\/es\\\/\",\"name\":\"Denver Families for Public Schools\",\"description\":\"A strong public education system is the backbone of a strong democracy.\",\"publisher\":{\"@id\":\"https:\\\/\\\/denverfamilies.org\\\/es\\\/#organization\"},\"potentialAction\":[{\"@type\":\"SearchAction\",\"target\":{\"@type\":\"EntryPoint\",\"urlTemplate\":\"https:\\\/\\\/denverfamilies.org\\\/es\\\/?s={search_term_string}\"},\"query-input\":{\"@type\":\"PropertyValueSpecification\",\"valueRequired\":true,\"valueName\":\"search_term_string\"}}],\"inLanguage\":\"es\"},{\"@type\":\"Organization\",\"@id\":\"https:\\\/\\\/denverfamilies.org\\\/es\\\/#organization\",\"name\":\"Denver Families for Public Schools\",\"url\":\"https:\\\/\\\/denverfamilies.org\\\/es\\\/\",\"logo\":{\"@type\":\"ImageObject\",\"inLanguage\":\"es\",\"@id\":\"https:\\\/\\\/denverfamilies.org\\\/es\\\/#\\\/schema\\\/logo\\\/image\\\/\",\"url\":\"https:\\\/\\\/denverfamilies.org\\\/wp-content\\\/uploads\\\/2026\\\/01\\\/denver-families-logo.png\",\"contentUrl\":\"https:\\\/\\\/denverfamilies.org\\\/wp-content\\\/uploads\\\/2026\\\/01\\\/denver-families-logo.png\",\"width\":962,\"height\":240,\"caption\":\"Denver Families for Public Schools\"},\"image\":{\"@id\":\"https:\\\/\\\/denverfamilies.org\\\/es\\\/#\\\/schema\\\/logo\\\/image\\\/\"},\"sameAs\":[\"https:\\\/\\\/www.facebook.com\\\/DenverFamiliesforPublicSchools\",\"https:\\\/\\\/www.instagram.com\\\/denverfamilies\\\/\",\"https:\\\/\\\/www.linkedin.com\\\/company\\\/denverfamilies\"]},{\"@type\":\"Person\",\"@id\":\"https:\\\/\\\/denverfamilies.org\\\/es\\\/#\\\/schema\\\/person\\\/3d7a9e98c3a8eaeaa20892788a5d1d07\",\"name\":\"campfire\",\"image\":{\"@type\":\"ImageObject\",\"inLanguage\":\"es\",\"@id\":\"https:\\\/\\\/secure.gravatar.com\\\/avatar\\\/6733e6da6749032386727e5e45370abcb362d7179f4955387066655c85255e15?s=96&d=mm&r=g\",\"url\":\"https:\\\/\\\/secure.gravatar.com\\\/avatar\\\/6733e6da6749032386727e5e45370abcb362d7179f4955387066655c85255e15?s=96&d=mm&r=g\",\"contentUrl\":\"https:\\\/\\\/secure.gravatar.com\\\/avatar\\\/6733e6da6749032386727e5e45370abcb362d7179f4955387066655c85255e15?s=96&d=mm&r=g\",\"caption\":\"campfire\"},\"sameAs\":[\"https:\\\/\\\/dfc3prd.wpenginepowered.com\"]}]}<\/script>\n<!-- \/ Yoast SEO plugin. -->","yoast_head_json":{"title":"Denver Families se opone al fallo del T\u00edtulo IX contra East High School - Denver Families for Public Schools","robots":{"index":"index","follow":"follow","max-snippet":"max-snippet:-1","max-image-preview":"max-image-preview:large","max-video-preview":"max-video-preview:-1"},"canonical":"https:\/\/denverfamilies.org\/es\/denver-families-se-opone-al-fallo-del-titulo-ix-contra-east-high-school\/","og_locale":"es_ES","og_type":"article","og_title":"Denver Families se opone al fallo del T\u00edtulo IX contra East High School - Denver Families for Public Schools","og_description":"Denver Families cree firmemente que los estudiantes, educadores y familias LGBTQ+ tienen derecho a sentirse seguros y bienvenidos en la escuela. Apoyamos a las Escuelas P\u00fablicas de Denver en su firme compromiso de proteger a los estudiantes LGBTQ+ y garantizar que todos los j\u00f3venes se sientan seguros y bienvenidos en nuestras escuelas. En respuesta al [&hellip;]","og_url":"https:\/\/denverfamilies.org\/es\/denver-families-se-opone-al-fallo-del-titulo-ix-contra-east-high-school\/","og_site_name":"Denver Families for Public Schools","article_publisher":"https:\/\/www.facebook.com\/DenverFamiliesforPublicSchools","article_published_time":"2025-08-29T21:53:27+00:00","og_image":[{"width":1200,"height":800,"url":"https:\/\/denverfamilies.org\/wp-content\/uploads\/2025\/12\/CLCS_GALS_87.jpg","type":"image\/jpeg"}],"author":"campfire","twitter_card":"summary_large_image","twitter_misc":{"Escrito por":"campfire","Tiempo de lectura":"1 minuto"},"schema":{"@context":"https:\/\/schema.org","@graph":[{"@type":"Article","@id":"https:\/\/denverfamilies.org\/es\/denver-families-se-opone-al-fallo-del-titulo-ix-contra-east-high-school\/#article","isPartOf":{"@id":"https:\/\/denverfamilies.org\/es\/denver-families-se-opone-al-fallo-del-titulo-ix-contra-east-high-school\/"},"author":{"name":"campfire","@id":"https:\/\/denverfamilies.org\/es\/#\/schema\/person\/3d7a9e98c3a8eaeaa20892788a5d1d07"},"headline":"Denver Families se opone al fallo del T\u00edtulo IX contra East High School","datePublished":"2025-08-29T21:53:27+00:00","mainEntityOfPage":{"@id":"https:\/\/denverfamilies.org\/es\/denver-families-se-opone-al-fallo-del-titulo-ix-contra-east-high-school\/"},"wordCount":221,"publisher":{"@id":"https:\/\/denverfamilies.org\/es\/#organization"},"image":{"@id":"https:\/\/denverfamilies.org\/es\/denver-families-se-opone-al-fallo-del-titulo-ix-contra-east-high-school\/#primaryimage"},"thumbnailUrl":"https:\/\/denverfamilies.org\/wp-content\/uploads\/2025\/12\/CLCS_GALS_87.jpg","articleSection":["Noticias"],"inLanguage":"es"},{"@type":"WebPage","@id":"https:\/\/denverfamilies.org\/es\/denver-families-se-opone-al-fallo-del-titulo-ix-contra-east-high-school\/","url":"https:\/\/denverfamilies.org\/es\/denver-families-se-opone-al-fallo-del-titulo-ix-contra-east-high-school\/","name":"Denver Families se opone al fallo del T\u00edtulo IX contra East High School - Denver Families for Public Schools","isPartOf":{"@id":"https:\/\/denverfamilies.org\/es\/#website"},"primaryImageOfPage":{"@id":"https:\/\/denverfamilies.org\/es\/denver-families-se-opone-al-fallo-del-titulo-ix-contra-east-high-school\/#primaryimage"},"image":{"@id":"https:\/\/denverfamilies.org\/es\/denver-families-se-opone-al-fallo-del-titulo-ix-contra-east-high-school\/#primaryimage"},"thumbnailUrl":"https:\/\/denverfamilies.org\/wp-content\/uploads\/2025\/12\/CLCS_GALS_87.jpg","datePublished":"2025-08-29T21:53:27+00:00","inLanguage":"es","potentialAction":[{"@type":"ReadAction","target":["https:\/\/denverfamilies.org\/es\/denver-families-se-opone-al-fallo-del-titulo-ix-contra-east-high-school\/"]}]},{"@type":"ImageObject","inLanguage":"es","@id":"https:\/\/denverfamilies.org\/es\/denver-families-se-opone-al-fallo-del-titulo-ix-contra-east-high-school\/#primaryimage","url":"https:\/\/denverfamilies.org\/wp-content\/uploads\/2025\/12\/CLCS_GALS_87.jpg","contentUrl":"https:\/\/denverfamilies.org\/wp-content\/uploads\/2025\/12\/CLCS_GALS_87.jpg","width":1200,"height":800,"caption":"Estudiante de DPS levantando la mano"},{"@type":"WebSite","@id":"https:\/\/denverfamilies.org\/es\/#website","url":"https:\/\/denverfamilies.org\/es\/","name":"Denver Families for Public Schools","description":"A strong public education system is the backbone of a strong democracy.","publisher":{"@id":"https:\/\/denverfamilies.org\/es\/#organization"},"potentialAction":[{"@type":"SearchAction","target":{"@type":"EntryPoint","urlTemplate":"https:\/\/denverfamilies.org\/es\/?s={search_term_string}"},"query-input":{"@type":"PropertyValueSpecification","valueRequired":true,"valueName":"search_term_string"}}],"inLanguage":"es"},{"@type":"Organization","@id":"https:\/\/denverfamilies.org\/es\/#organization","name":"Denver Families for Public Schools","url":"https:\/\/denverfamilies.org\/es\/","logo":{"@type":"ImageObject","inLanguage":"es","@id":"https:\/\/denverfamilies.org\/es\/#\/schema\/logo\/image\/","url":"https:\/\/denverfamilies.org\/wp-content\/uploads\/2026\/01\/denver-families-logo.png","contentUrl":"https:\/\/denverfamilies.org\/wp-content\/uploads\/2026\/01\/denver-families-logo.png","width":962,"height":240,"caption":"Denver Families for Public Schools"},"image":{"@id":"https:\/\/denverfamilies.org\/es\/#\/schema\/logo\/image\/"},"sameAs":["https:\/\/www.facebook.com\/DenverFamiliesforPublicSchools","https:\/\/www.instagram.com\/denverfamilies\/","https:\/\/www.linkedin.com\/company\/denverfamilies"]},{"@type":"Person","@id":"https:\/\/denverfamilies.org\/es\/#\/schema\/person\/3d7a9e98c3a8eaeaa20892788a5d1d07","name":"campfire","image":{"@type":"ImageObject","inLanguage":"es","@id":"https:\/\/secure.gravatar.com\/avatar\/6733e6da6749032386727e5e45370abcb362d7179f4955387066655c85255e15?s=96&d=mm&r=g","url":"https:\/\/secure.gravatar.com\/avatar\/6733e6da6749032386727e5e45370abcb362d7179f4955387066655c85255e15?s=96&d=mm&r=g","contentUrl":"https:\/\/secure.gravatar.com\/avatar\/6733e6da6749032386727e5e45370abcb362d7179f4955387066655c85255e15?s=96&d=mm&r=g","caption":"campfire"},"sameAs":["https:\/\/dfc3prd.wpenginepowered.com"]}]}},"_links":{"self":[{"href":"https:\/\/denverfamilies.org\/es\/wp-json\/wp\/v2\/posts\/3854","targetHints":{"allow":["GET"]}}],"collection":[{"href":"https:\/\/denverfamilies.org\/es\/wp-json\/wp\/v2\/posts"}],"about":[{"href":"https:\/\/denverfamilies.org\/es\/wp-json\/wp\/v2\/types\/post"}],"author":[{"embeddable":true,"href":"https:\/\/denverfamilies.org\/es\/wp-json\/wp\/v2\/users\/1"}],"replies":[{"embeddable":true,"href":"https:\/\/denverfamilies.org\/es\/wp-json\/wp\/v2\/comments?post=3854"}],"version-history":[{"count":0,"href":"https:\/\/denverfamilies.org\/es\/wp-json\/wp\/v2\/posts\/3854\/revisions"}],"wp:featuredmedia":[{"embeddable":true,"href":"https:\/\/denverfamilies.org\/es\/wp-json\/wp\/v2\/media\/3855"}],"wp:attachment":[{"href":"https:\/\/denverfamilies.org\/es\/wp-json\/wp\/v2\/media?parent=3854"}],"wp:term":[{"taxonomy":"category","embeddable":true,"href":"https:\/\/denverfamilies.org\/es\/wp-json\/wp\/v2\/categories?post=3854"},{"taxonomy":"post_tag","embeddable":true,"href":"https:\/\/denverfamilies.org\/es\/wp-json\/wp\/v2\/tags?post=3854"}],"curies":[{"name":"wp","href":"https:\/\/api.w.org\/{rel}","templated":true}]}}