{"id":3793,"date":"2025-03-20T22:27:39","date_gmt":"2025-03-21T04:27:39","guid":{"rendered":"https:\/\/dfc3stg.wpenginepowered.com\/declaracion-sobre-la-orden-ejecutiva-del-departamento-de-educacion-de-ee-uu\/"},"modified":"2025-03-20T22:27:39","modified_gmt":"2025-03-21T04:27:39","slug":"declaracion-sobre-la-orden-ejecutiva-del-departamento-de-educacion-de-ee-uu","status":"publish","type":"post","link":"https:\/\/denverfamilies.org\/es\/declaracion-sobre-la-orden-ejecutiva-del-departamento-de-educacion-de-ee-uu\/","title":{"rendered":"Declaraci\u00f3n sobre la Orden Ejecutiva del Departamento de Educaci\u00f3n de EE. UU."},"content":{"rendered":"<p><span style=\"font-weight: 400;\">Denver Families for Public Schools (Denver Families) comparte la profunda preocupaci\u00f3n de nuestra comunidad con el anuncio de hoy con respecto a la orden ejecutiva que pretende eliminar el Departamento de Educaci\u00f3n de EE. UU. Como organizaci\u00f3n de base que trabaja junto con las familias, educadores, ex alumnos y defensores de las Escuelas P\u00fablicas de Denver (DPS), a Denver Families le preocupa c\u00f3mo esta decisi\u00f3n podr\u00eda perjudicar a los estudiantes, maestros y familias, en toda nuestra ciudad, estado y pa\u00eds, al socavar el acceso a una educaci\u00f3n p\u00fablica de alta calidad y desestabilizar los sistemas de apoyo en los que conf\u00edan nuestras comunidades. <\/span><\/p>\n<p><span style=\"font-weight: 400;\">Durante m\u00e1s de 40 a\u00f1os, el Departamento de Educaci\u00f3n ha desempe\u00f1ado un papel vital para garantizar el acceso equitativo a una educaci\u00f3n p\u00fablica de calidad para todos los estudiantes, proporcionando informaci\u00f3n cr\u00edtica sobre el desempe\u00f1o del sistema educativo de nuestra naci\u00f3n y emitiendo fondos importantes para apoyar a las poblaciones estudiantiles vulnerables que enfrentan barreras sist\u00e9micas. Como organizaci\u00f3n que trabaja junto con todas las comunidades de DPS, nos preocupa particularmente la forma en que esta decisi\u00f3n amenaza los programas de financiaci\u00f3n para estudiantes de bajos ingresos y estudiantes con discapacidades. Sin esta financiaci\u00f3n, las escuelas que atienden a estudiantes vulnerables pueden tener dificultades para satisfacer las necesidades b\u00e1sicas, y mucho menos para mantener una educaci\u00f3n de alta calidad para todos. Denver Families cree que la disoluci\u00f3n del Departamento es un ataque a nuestro compromiso compartido con la educaci\u00f3n p\u00fablica y pone en riesgo la promesa de igualdad de oportunidades para los estudiantes y las familias.    <\/span><\/p>\n<p><span style=\"font-weight: 400;\">Nuestro trabajo en Denver Families se basa en escuchar a nuestra comunidad, aprender qu\u00e9 problemas educativos les preocupan m\u00e1s y animarlos a liderar las decisiones pol\u00edticas. A trav\u00e9s de nuestros esfuerzos de organizaci\u00f3n comunitaria y encuestas recientes, hemos descubierto que el 89% de nuestra comunidad est\u00e1 preocupada por garantizar el acceso a escuelas p\u00fablicas de calidad en todos los vecindarios de Denver. 1 de cada 4 habitantes de Denver considera que la financiaci\u00f3n eficaz de la educaci\u00f3n es el principal desaf\u00edo que enfrenta la educaci\u00f3n p\u00fablica en Denver. La eliminaci\u00f3n del Departamento de Educaci\u00f3n socava directamente estas prioridades.    <\/span><\/p>\n<p><span style=\"font-weight: 400;\">A medida que DPS navega por las implicaciones de este anuncio, estamos comprometidos a defender a los estudiantes, las familias y los educadores de Denver para que no solo tengan un asiento en la mesa, sino que desempe\u00f1en un papel de liderazgo en las decisiones que dan forma a sus escuelas y comunidades. Con la educaci\u00f3n p\u00fablica amenazada, ahora es el momento de que la comunidad de Denver se una y se asegure de que todos los estudiantes tengan acceso a escuelas p\u00fablicas de alta calidad y al apoyo que necesitan para tener \u00e9xito. <\/span><\/p>\n","protected":false},"excerpt":{"rendered":"<p>Denver Families for Public Schools (Denver Families) comparte la profunda preocupaci\u00f3n de nuestra comunidad con el anuncio de hoy con respecto a la orden ejecutiva que pretende eliminar el Departamento de Educaci\u00f3n de EE. UU. Como organizaci\u00f3n de base que trabaja junto con las familias, educadores, ex alumnos y defensores de las Escuelas P\u00fablicas de [&hellip;]<\/p>\n","protected":false},"author":1,"featured_media":3794,"comment_status":"open","ping_status":"open","sticky":false,"template":"elementor_theme","format":"standard","meta":{"_acf_changed":false,"inline_featured_image":false,"footnotes":""},"categories":[37],"tags":[],"class_list":["post-3793","post","type-post","status-publish","format-standard","has-post-thumbnail","hentry","category-noticias"],"acf":[],"yoast_head":"<!-- This site is optimized with the Yoast SEO plugin v27.3 - https:\/\/yoast.com\/product\/yoast-seo-wordpress\/ -->\n<title>Declaraci\u00f3n sobre la Orden Ejecutiva del Departamento de Educaci\u00f3n de EE. UU. - Denver Families for Public Schools<\/title>\n<meta name=\"robots\" content=\"index, follow, max-snippet:-1, max-image-preview:large, max-video-preview:-1\" \/>\n<link rel=\"canonical\" href=\"https:\/\/denverfamilies.org\/es\/declaracion-sobre-la-orden-ejecutiva-del-departamento-de-educacion-de-ee-uu\/\" \/>\n<meta property=\"og:locale\" content=\"es_ES\" \/>\n<meta property=\"og:type\" content=\"article\" \/>\n<meta property=\"og:title\" content=\"Declaraci\u00f3n sobre la Orden Ejecutiva del Departamento de Educaci\u00f3n de EE. UU. - Denver Families for Public Schools\" \/>\n<meta property=\"og:description\" content=\"Denver Families for Public Schools (Denver Families) comparte la profunda preocupaci\u00f3n de nuestra comunidad con el anuncio de hoy con respecto a la orden ejecutiva que pretende eliminar el Departamento de Educaci\u00f3n de EE. UU. Como organizaci\u00f3n de base que trabaja junto con las familias, educadores, ex alumnos y defensores de las Escuelas P\u00fablicas de [&hellip;]\" \/>\n<meta property=\"og:url\" content=\"https:\/\/denverfamilies.org\/es\/declaracion-sobre-la-orden-ejecutiva-del-departamento-de-educacion-de-ee-uu\/\" \/>\n<meta property=\"og:site_name\" content=\"Denver Families for Public Schools\" \/>\n<meta property=\"article:publisher\" content=\"https:\/\/www.facebook.com\/DenverFamiliesforPublicSchools\" \/>\n<meta property=\"article:published_time\" content=\"2025-03-21T04:27:39+00:00\" \/>\n<meta property=\"og:image\" content=\"https:\/\/denverfamilies.org\/wp-content\/uploads\/2025\/05\/Academy-360-2024_0027-1.jpg\" \/>\n\t<meta property=\"og:image:width\" content=\"1800\" \/>\n\t<meta property=\"og:image:height\" content=\"1200\" \/>\n\t<meta property=\"og:image:type\" content=\"image\/jpeg\" \/>\n<meta name=\"author\" content=\"campfire\" \/>\n<meta name=\"twitter:card\" content=\"summary_large_image\" \/>\n<meta name=\"twitter:label1\" content=\"Escrito por\" \/>\n\t<meta name=\"twitter:data1\" content=\"campfire\" \/>\n\t<meta name=\"twitter:label2\" content=\"Tiempo de lectura\" \/>\n\t<meta name=\"twitter:data2\" content=\"2 minutos\" \/>\n<script type=\"application\/ld+json\" class=\"yoast-schema-graph\">{\"@context\":\"https:\\\/\\\/schema.org\",\"@graph\":[{\"@type\":\"Article\",\"@id\":\"https:\\\/\\\/denverfamilies.org\\\/es\\\/declaracion-sobre-la-orden-ejecutiva-del-departamento-de-educacion-de-ee-uu\\\/#article\",\"isPartOf\":{\"@id\":\"https:\\\/\\\/denverfamilies.org\\\/es\\\/declaracion-sobre-la-orden-ejecutiva-del-departamento-de-educacion-de-ee-uu\\\/\"},\"author\":{\"name\":\"campfire\",\"@id\":\"https:\\\/\\\/denverfamilies.org\\\/es\\\/#\\\/schema\\\/person\\\/3d7a9e98c3a8eaeaa20892788a5d1d07\"},\"headline\":\"Declaraci\u00f3n sobre la Orden Ejecutiva del Departamento de Educaci\u00f3n de EE. UU.\",\"datePublished\":\"2025-03-21T04:27:39+00:00\",\"mainEntityOfPage\":{\"@id\":\"https:\\\/\\\/denverfamilies.org\\\/es\\\/declaracion-sobre-la-orden-ejecutiva-del-departamento-de-educacion-de-ee-uu\\\/\"},\"wordCount\":507,\"commentCount\":0,\"publisher\":{\"@id\":\"https:\\\/\\\/denverfamilies.org\\\/es\\\/#organization\"},\"image\":{\"@id\":\"https:\\\/\\\/denverfamilies.org\\\/es\\\/declaracion-sobre-la-orden-ejecutiva-del-departamento-de-educacion-de-ee-uu\\\/#primaryimage\"},\"thumbnailUrl\":\"https:\\\/\\\/denverfamilies.org\\\/wp-content\\\/uploads\\\/2025\\\/05\\\/Academy-360-2024_0027-1.jpg\",\"articleSection\":[\"Noticias\"],\"inLanguage\":\"es\",\"potentialAction\":[{\"@type\":\"CommentAction\",\"name\":\"Comment\",\"target\":[\"https:\\\/\\\/denverfamilies.org\\\/es\\\/declaracion-sobre-la-orden-ejecutiva-del-departamento-de-educacion-de-ee-uu\\\/#respond\"]}]},{\"@type\":\"WebPage\",\"@id\":\"https:\\\/\\\/denverfamilies.org\\\/es\\\/declaracion-sobre-la-orden-ejecutiva-del-departamento-de-educacion-de-ee-uu\\\/\",\"url\":\"https:\\\/\\\/denverfamilies.org\\\/es\\\/declaracion-sobre-la-orden-ejecutiva-del-departamento-de-educacion-de-ee-uu\\\/\",\"name\":\"Declaraci\u00f3n sobre la Orden Ejecutiva del Departamento de Educaci\u00f3n de EE. UU. - Denver Families for Public Schools\",\"isPartOf\":{\"@id\":\"https:\\\/\\\/denverfamilies.org\\\/es\\\/#website\"},\"primaryImageOfPage\":{\"@id\":\"https:\\\/\\\/denverfamilies.org\\\/es\\\/declaracion-sobre-la-orden-ejecutiva-del-departamento-de-educacion-de-ee-uu\\\/#primaryimage\"},\"image\":{\"@id\":\"https:\\\/\\\/denverfamilies.org\\\/es\\\/declaracion-sobre-la-orden-ejecutiva-del-departamento-de-educacion-de-ee-uu\\\/#primaryimage\"},\"thumbnailUrl\":\"https:\\\/\\\/denverfamilies.org\\\/wp-content\\\/uploads\\\/2025\\\/05\\\/Academy-360-2024_0027-1.jpg\",\"datePublished\":\"2025-03-21T04:27:39+00:00\",\"inLanguage\":\"es\",\"potentialAction\":[{\"@type\":\"ReadAction\",\"target\":[\"https:\\\/\\\/denverfamilies.org\\\/es\\\/declaracion-sobre-la-orden-ejecutiva-del-departamento-de-educacion-de-ee-uu\\\/\"]}]},{\"@type\":\"ImageObject\",\"inLanguage\":\"es\",\"@id\":\"https:\\\/\\\/denverfamilies.org\\\/es\\\/declaracion-sobre-la-orden-ejecutiva-del-departamento-de-educacion-de-ee-uu\\\/#primaryimage\",\"url\":\"https:\\\/\\\/denverfamilies.org\\\/wp-content\\\/uploads\\\/2025\\\/05\\\/Academy-360-2024_0027-1.jpg\",\"contentUrl\":\"https:\\\/\\\/denverfamilies.org\\\/wp-content\\\/uploads\\\/2025\\\/05\\\/Academy-360-2024_0027-1.jpg\",\"width\":1800,\"height\":1200},{\"@type\":\"WebSite\",\"@id\":\"https:\\\/\\\/denverfamilies.org\\\/es\\\/#website\",\"url\":\"https:\\\/\\\/denverfamilies.org\\\/es\\\/\",\"name\":\"Denver Families for Public Schools\",\"description\":\"A strong public education system is the backbone of a strong democracy.\",\"publisher\":{\"@id\":\"https:\\\/\\\/denverfamilies.org\\\/es\\\/#organization\"},\"potentialAction\":[{\"@type\":\"SearchAction\",\"target\":{\"@type\":\"EntryPoint\",\"urlTemplate\":\"https:\\\/\\\/denverfamilies.org\\\/es\\\/?s={search_term_string}\"},\"query-input\":{\"@type\":\"PropertyValueSpecification\",\"valueRequired\":true,\"valueName\":\"search_term_string\"}}],\"inLanguage\":\"es\"},{\"@type\":\"Organization\",\"@id\":\"https:\\\/\\\/denverfamilies.org\\\/es\\\/#organization\",\"name\":\"Denver Families for Public Schools\",\"url\":\"https:\\\/\\\/denverfamilies.org\\\/es\\\/\",\"logo\":{\"@type\":\"ImageObject\",\"inLanguage\":\"es\",\"@id\":\"https:\\\/\\\/denverfamilies.org\\\/es\\\/#\\\/schema\\\/logo\\\/image\\\/\",\"url\":\"https:\\\/\\\/denverfamilies.org\\\/wp-content\\\/uploads\\\/2026\\\/01\\\/denver-families-logo.png\",\"contentUrl\":\"https:\\\/\\\/denverfamilies.org\\\/wp-content\\\/uploads\\\/2026\\\/01\\\/denver-families-logo.png\",\"width\":962,\"height\":240,\"caption\":\"Denver Families for Public Schools\"},\"image\":{\"@id\":\"https:\\\/\\\/denverfamilies.org\\\/es\\\/#\\\/schema\\\/logo\\\/image\\\/\"},\"sameAs\":[\"https:\\\/\\\/www.facebook.com\\\/DenverFamiliesforPublicSchools\",\"https:\\\/\\\/www.instagram.com\\\/denverfamilies\\\/\",\"https:\\\/\\\/www.linkedin.com\\\/company\\\/denverfamilies\"]},{\"@type\":\"Person\",\"@id\":\"https:\\\/\\\/denverfamilies.org\\\/es\\\/#\\\/schema\\\/person\\\/3d7a9e98c3a8eaeaa20892788a5d1d07\",\"name\":\"campfire\",\"image\":{\"@type\":\"ImageObject\",\"inLanguage\":\"es\",\"@id\":\"https:\\\/\\\/secure.gravatar.com\\\/avatar\\\/6733e6da6749032386727e5e45370abcb362d7179f4955387066655c85255e15?s=96&d=mm&r=g\",\"url\":\"https:\\\/\\\/secure.gravatar.com\\\/avatar\\\/6733e6da6749032386727e5e45370abcb362d7179f4955387066655c85255e15?s=96&d=mm&r=g\",\"contentUrl\":\"https:\\\/\\\/secure.gravatar.com\\\/avatar\\\/6733e6da6749032386727e5e45370abcb362d7179f4955387066655c85255e15?s=96&d=mm&r=g\",\"caption\":\"campfire\"},\"sameAs\":[\"https:\\\/\\\/dfc3prd.wpenginepowered.com\"]}]}<\/script>\n<!-- \/ Yoast SEO plugin. -->","yoast_head_json":{"title":"Declaraci\u00f3n sobre la Orden Ejecutiva del Departamento de Educaci\u00f3n de EE. UU. - Denver Families for Public Schools","robots":{"index":"index","follow":"follow","max-snippet":"max-snippet:-1","max-image-preview":"max-image-preview:large","max-video-preview":"max-video-preview:-1"},"canonical":"https:\/\/denverfamilies.org\/es\/declaracion-sobre-la-orden-ejecutiva-del-departamento-de-educacion-de-ee-uu\/","og_locale":"es_ES","og_type":"article","og_title":"Declaraci\u00f3n sobre la Orden Ejecutiva del Departamento de Educaci\u00f3n de EE. UU. - Denver Families for Public Schools","og_description":"Denver Families for Public Schools (Denver Families) comparte la profunda preocupaci\u00f3n de nuestra comunidad con el anuncio de hoy con respecto a la orden ejecutiva que pretende eliminar el Departamento de Educaci\u00f3n de EE. UU. Como organizaci\u00f3n de base que trabaja junto con las familias, educadores, ex alumnos y defensores de las Escuelas P\u00fablicas de [&hellip;]","og_url":"https:\/\/denverfamilies.org\/es\/declaracion-sobre-la-orden-ejecutiva-del-departamento-de-educacion-de-ee-uu\/","og_site_name":"Denver Families for Public Schools","article_publisher":"https:\/\/www.facebook.com\/DenverFamiliesforPublicSchools","article_published_time":"2025-03-21T04:27:39+00:00","og_image":[{"width":1800,"height":1200,"url":"https:\/\/denverfamilies.org\/wp-content\/uploads\/2025\/05\/Academy-360-2024_0027-1.jpg","type":"image\/jpeg"}],"author":"campfire","twitter_card":"summary_large_image","twitter_misc":{"Escrito por":"campfire","Tiempo de lectura":"2 minutos"},"schema":{"@context":"https:\/\/schema.org","@graph":[{"@type":"Article","@id":"https:\/\/denverfamilies.org\/es\/declaracion-sobre-la-orden-ejecutiva-del-departamento-de-educacion-de-ee-uu\/#article","isPartOf":{"@id":"https:\/\/denverfamilies.org\/es\/declaracion-sobre-la-orden-ejecutiva-del-departamento-de-educacion-de-ee-uu\/"},"author":{"name":"campfire","@id":"https:\/\/denverfamilies.org\/es\/#\/schema\/person\/3d7a9e98c3a8eaeaa20892788a5d1d07"},"headline":"Declaraci\u00f3n sobre la Orden Ejecutiva del Departamento de Educaci\u00f3n de EE. UU.","datePublished":"2025-03-21T04:27:39+00:00","mainEntityOfPage":{"@id":"https:\/\/denverfamilies.org\/es\/declaracion-sobre-la-orden-ejecutiva-del-departamento-de-educacion-de-ee-uu\/"},"wordCount":507,"commentCount":0,"publisher":{"@id":"https:\/\/denverfamilies.org\/es\/#organization"},"image":{"@id":"https:\/\/denverfamilies.org\/es\/declaracion-sobre-la-orden-ejecutiva-del-departamento-de-educacion-de-ee-uu\/#primaryimage"},"thumbnailUrl":"https:\/\/denverfamilies.org\/wp-content\/uploads\/2025\/05\/Academy-360-2024_0027-1.jpg","articleSection":["Noticias"],"inLanguage":"es","potentialAction":[{"@type":"CommentAction","name":"Comment","target":["https:\/\/denverfamilies.org\/es\/declaracion-sobre-la-orden-ejecutiva-del-departamento-de-educacion-de-ee-uu\/#respond"]}]},{"@type":"WebPage","@id":"https:\/\/denverfamilies.org\/es\/declaracion-sobre-la-orden-ejecutiva-del-departamento-de-educacion-de-ee-uu\/","url":"https:\/\/denverfamilies.org\/es\/declaracion-sobre-la-orden-ejecutiva-del-departamento-de-educacion-de-ee-uu\/","name":"Declaraci\u00f3n sobre la Orden Ejecutiva del Departamento de Educaci\u00f3n de EE. UU. - Denver Families for Public Schools","isPartOf":{"@id":"https:\/\/denverfamilies.org\/es\/#website"},"primaryImageOfPage":{"@id":"https:\/\/denverfamilies.org\/es\/declaracion-sobre-la-orden-ejecutiva-del-departamento-de-educacion-de-ee-uu\/#primaryimage"},"image":{"@id":"https:\/\/denverfamilies.org\/es\/declaracion-sobre-la-orden-ejecutiva-del-departamento-de-educacion-de-ee-uu\/#primaryimage"},"thumbnailUrl":"https:\/\/denverfamilies.org\/wp-content\/uploads\/2025\/05\/Academy-360-2024_0027-1.jpg","datePublished":"2025-03-21T04:27:39+00:00","inLanguage":"es","potentialAction":[{"@type":"ReadAction","target":["https:\/\/denverfamilies.org\/es\/declaracion-sobre-la-orden-ejecutiva-del-departamento-de-educacion-de-ee-uu\/"]}]},{"@type":"ImageObject","inLanguage":"es","@id":"https:\/\/denverfamilies.org\/es\/declaracion-sobre-la-orden-ejecutiva-del-departamento-de-educacion-de-ee-uu\/#primaryimage","url":"https:\/\/denverfamilies.org\/wp-content\/uploads\/2025\/05\/Academy-360-2024_0027-1.jpg","contentUrl":"https:\/\/denverfamilies.org\/wp-content\/uploads\/2025\/05\/Academy-360-2024_0027-1.jpg","width":1800,"height":1200},{"@type":"WebSite","@id":"https:\/\/denverfamilies.org\/es\/#website","url":"https:\/\/denverfamilies.org\/es\/","name":"Denver Families for Public Schools","description":"A strong public education system is the backbone of a strong democracy.","publisher":{"@id":"https:\/\/denverfamilies.org\/es\/#organization"},"potentialAction":[{"@type":"SearchAction","target":{"@type":"EntryPoint","urlTemplate":"https:\/\/denverfamilies.org\/es\/?s={search_term_string}"},"query-input":{"@type":"PropertyValueSpecification","valueRequired":true,"valueName":"search_term_string"}}],"inLanguage":"es"},{"@type":"Organization","@id":"https:\/\/denverfamilies.org\/es\/#organization","name":"Denver Families for Public Schools","url":"https:\/\/denverfamilies.org\/es\/","logo":{"@type":"ImageObject","inLanguage":"es","@id":"https:\/\/denverfamilies.org\/es\/#\/schema\/logo\/image\/","url":"https:\/\/denverfamilies.org\/wp-content\/uploads\/2026\/01\/denver-families-logo.png","contentUrl":"https:\/\/denverfamilies.org\/wp-content\/uploads\/2026\/01\/denver-families-logo.png","width":962,"height":240,"caption":"Denver Families for Public Schools"},"image":{"@id":"https:\/\/denverfamilies.org\/es\/#\/schema\/logo\/image\/"},"sameAs":["https:\/\/www.facebook.com\/DenverFamiliesforPublicSchools","https:\/\/www.instagram.com\/denverfamilies\/","https:\/\/www.linkedin.com\/company\/denverfamilies"]},{"@type":"Person","@id":"https:\/\/denverfamilies.org\/es\/#\/schema\/person\/3d7a9e98c3a8eaeaa20892788a5d1d07","name":"campfire","image":{"@type":"ImageObject","inLanguage":"es","@id":"https:\/\/secure.gravatar.com\/avatar\/6733e6da6749032386727e5e45370abcb362d7179f4955387066655c85255e15?s=96&d=mm&r=g","url":"https:\/\/secure.gravatar.com\/avatar\/6733e6da6749032386727e5e45370abcb362d7179f4955387066655c85255e15?s=96&d=mm&r=g","contentUrl":"https:\/\/secure.gravatar.com\/avatar\/6733e6da6749032386727e5e45370abcb362d7179f4955387066655c85255e15?s=96&d=mm&r=g","caption":"campfire"},"sameAs":["https:\/\/dfc3prd.wpenginepowered.com"]}]}},"_links":{"self":[{"href":"https:\/\/denverfamilies.org\/es\/wp-json\/wp\/v2\/posts\/3793","targetHints":{"allow":["GET"]}}],"collection":[{"href":"https:\/\/denverfamilies.org\/es\/wp-json\/wp\/v2\/posts"}],"about":[{"href":"https:\/\/denverfamilies.org\/es\/wp-json\/wp\/v2\/types\/post"}],"author":[{"embeddable":true,"href":"https:\/\/denverfamilies.org\/es\/wp-json\/wp\/v2\/users\/1"}],"replies":[{"embeddable":true,"href":"https:\/\/denverfamilies.org\/es\/wp-json\/wp\/v2\/comments?post=3793"}],"version-history":[{"count":0,"href":"https:\/\/denverfamilies.org\/es\/wp-json\/wp\/v2\/posts\/3793\/revisions"}],"wp:featuredmedia":[{"embeddable":true,"href":"https:\/\/denverfamilies.org\/es\/wp-json\/wp\/v2\/media\/3794"}],"wp:attachment":[{"href":"https:\/\/denverfamilies.org\/es\/wp-json\/wp\/v2\/media?parent=3793"}],"wp:term":[{"taxonomy":"category","embeddable":true,"href":"https:\/\/denverfamilies.org\/es\/wp-json\/wp\/v2\/categories?post=3793"},{"taxonomy":"post_tag","embeddable":true,"href":"https:\/\/denverfamilies.org\/es\/wp-json\/wp\/v2\/tags?post=3793"}],"curies":[{"name":"wp","href":"https:\/\/api.w.org\/{rel}","templated":true}]}}