{"id":3770,"date":"2024-09-05T17:45:52","date_gmt":"2024-09-05T23:45:52","guid":{"rendered":"https:\/\/dfc3stg.wpenginepowered.com\/por-que-deberia-involucrarse-en-la-defensa-de-la-educacion-incluso-si-no-tiene-hijos\/"},"modified":"2024-09-05T17:45:52","modified_gmt":"2024-09-05T23:45:52","slug":"por-que-deberia-involucrarse-en-la-defensa-de-la-educacion-incluso-si-no-tiene-hijos","status":"publish","type":"post","link":"https:\/\/denverfamilies.org\/es\/por-que-deberia-involucrarse-en-la-defensa-de-la-educacion-incluso-si-no-tiene-hijos\/","title":{"rendered":"\u00bfPor qu\u00e9 deber\u00eda involucrarse en la defensa de la educaci\u00f3n, incluso si no tiene hijos?"},"content":{"rendered":"<p>Por Sondra Batters<\/p>\n<p><i><span style=\"font-weight: 400;\">Sondra Batters es una educadora comunitaria en el \u00e1rea metropolitana de Denver y Embajadora de Defensa de Familias de Denver para las Escuelas P\u00fablicas. Como antigua educadora de DPS, el trabajo de Sondra se basa en la creencia de que el cambio social positivo comienza en el aula.<\/span><\/i><\/p>\n<p><span style=\"font-weight: 400;\">La educaci\u00f3n es la base de nuestro futuro: da forma a los l\u00edderes, innovadores y ciudadanos del ma\u00f1ana. Tenga o no hijos, el estado de nuestras escuelas le afecta directamente. <\/span><\/p>\n<p><span style=\"font-weight: 400;\">Sus impuestos apoyan la educaci\u00f3n p\u00fablica, y esos fondos se invierten en la pr\u00f3xima generaci\u00f3n: futuros m\u00e9dicos, ingenieros, profesores y l\u00edderes comunitarios. Involucrarse en la defensa de la educaci\u00f3n es m\u00e1s que un deber c\u00edvico; es una forma de garantizar que estos recursos se utilicen eficazmente para fomentar una comunidad de personas integrales, reflexivas y capaces que nos gu\u00eden hacia el futuro. <\/span><\/p>\n<p><span style=\"font-weight: 400;\">Piense en alguien que invirti\u00f3 en usted: un miembro de la familia, un profesor, un mentor o un l\u00edder comunitario. Su inversi\u00f3n ayud\u00f3 a moldear qui\u00e9n es usted hoy. Al participar en la defensa de la educaci\u00f3n, tiene la oportunidad de devolver esa inversi\u00f3n. Puede marcar una diferencia tangible en su comunidad influyendo en las decisiones que afectan a todo, desde la seguridad escolar hasta lo acad\u00e9mico.<\/span><\/p>\n<p><span style=\"font-weight: 400;\">Se trata de crear un futuro mejor para todos nosotros, independientemente de si tenemos hijos en el sistema. <\/span><\/p>\n<p><span style=\"font-weight: 400;\">Reconozco que involucrarse en la defensa de la educaci\u00f3n puede parecer desalentador. Muchas personas no est\u00e1n seguras de por d\u00f3nde empezar o les preocupa abordar una tarea tan grande solos. Yo tambi\u00e9n me he sentido as\u00ed. Antes de conectar con Familias de Denver para las Escuelas P\u00fablicas, a menudo sent\u00eda que mi capacidad para marcar la diferencia como educadora de escuelas p\u00fablicas era limitada. Vi muchas \u00e1reas que necesitaban cambios, pero carec\u00eda de la plataforma y el apoyo para expresar mis preocupaciones de manera efectiva.<\/span><\/p>\n<p><span style=\"font-weight: 400;\">Familias de Denver para las Escuelas P\u00fablicas es una organizaci\u00f3n incre\u00edble dedicada a capacitar a las familias de las escuelas p\u00fablicas, a los educadores y a los miembros de la comunidad para que configuren activamente nuestras escuelas. Fomentan el compromiso c\u00edvico e impulsan la participaci\u00f3n electoral para crear un sistema educativo m\u00e1s equitativo y garantizar que todos los estudiantes tengan la oportunidad de tener \u00e9xito.<\/span><\/p>\n<p><span style=\"font-weight: 400;\">A trav\u00e9s de Familias de Denver, encontr\u00e9 una comunidad de apoyo de defensores de la educaci\u00f3n apasionados que compart\u00edan mis preocupaciones y mi visi\u00f3n para el futuro de nuestras escuelas. Juntos, encontramos nuestra voz colectiva y esa voz se convirti\u00f3 en una poderosa fuerza para el cambio. Nuestros esfuerzos comunitarios tienen como objetivo mejorar las pol\u00edticas escolares, aumentar los recursos para los estudiantes y proporcionar a cada ni\u00f1o acceso a una educaci\u00f3n de calidad, fortaleciendo as\u00ed nuestra comunidad.<\/span><\/p>\n<p><span style=\"font-weight: 400;\">La defensa no se trata solo de plantear problemas; se trata de crear soluciones juntos. A trav\u00e9s de mi trabajo con Familias de Denver, he encontrado un renovado sentido de prop\u00f3sito y optimismo sobre lo que nuestras escuelas, y nuestra sociedad, pueden lograr. Este cambio de perspectiva me ha demostrado que la participaci\u00f3n c\u00edvica no solo es valiosa, sino tambi\u00e9n profundamente gratificante. Nuestros esfuerzos combinados han demostrado que un cambio significativo no solo es posible, sino que est\u00e1 a nuestro alcance y vale cada gramo de dedicaci\u00f3n.<\/span><\/p>\n<p><span style=\"font-weight: 400;\">Si duda en involucrarse en la defensa de la educaci\u00f3n, recuerde que no est\u00e1 solo y que su voz importa, tenga o no hijos. Organizaciones y comunidades dedicadas est\u00e1n listas para apoyarle. Al unir fuerzas, podemos impulsar un cambio transformador, fomentando un sistema educativo equitativo y de alta calidad, una comunidad m\u00e1s fuerte y un futuro m\u00e1s brillante para todos.<\/span><\/p>\n<p><span style=\"font-weight: 400;\">Si est\u00e1 considerando involucrarse, mi consejo es claro: \u00a1D\u00e9 el salto! Juntos, marquemos una diferencia profunda.<\/span><\/p>\n","protected":false},"excerpt":{"rendered":"<p>Por Sondra Batters Sondra Batters es una educadora comunitaria en el \u00e1rea metropolitana de Denver y Embajadora de Defensa de Familias de Denver para las Escuelas P\u00fablicas. Como antigua educadora de DPS, el trabajo de Sondra se basa en la creencia de que el cambio social positivo comienza en el aula. La educaci\u00f3n es la [&hellip;]<\/p>\n","protected":false},"author":1,"featured_media":0,"comment_status":"open","ping_status":"open","sticky":false,"template":"elementor_theme","format":"standard","meta":{"_acf_changed":false,"inline_featured_image":false,"footnotes":""},"categories":[37],"tags":[],"class_list":["post-3770","post","type-post","status-publish","format-standard","hentry","category-noticias"],"acf":[],"yoast_head":"<!-- This site is optimized with the Yoast SEO plugin v27.3 - https:\/\/yoast.com\/product\/yoast-seo-wordpress\/ -->\n<title>\u00bfPor qu\u00e9 deber\u00eda involucrarse en la defensa de la educaci\u00f3n, incluso si no tiene hijos? - Denver Families for Public Schools<\/title>\n<meta name=\"robots\" content=\"index, follow, max-snippet:-1, max-image-preview:large, max-video-preview:-1\" \/>\n<link rel=\"canonical\" href=\"https:\/\/denverfamilies.org\/es\/por-que-deberia-involucrarse-en-la-defensa-de-la-educacion-incluso-si-no-tiene-hijos\/\" \/>\n<meta property=\"og:locale\" content=\"es_ES\" \/>\n<meta property=\"og:type\" content=\"article\" \/>\n<meta property=\"og:title\" content=\"\u00bfPor qu\u00e9 deber\u00eda involucrarse en la defensa de la educaci\u00f3n, incluso si no tiene hijos? - Denver Families for Public Schools\" \/>\n<meta property=\"og:description\" content=\"Por Sondra Batters Sondra Batters es una educadora comunitaria en el \u00e1rea metropolitana de Denver y Embajadora de Defensa de Familias de Denver para las Escuelas P\u00fablicas. Como antigua educadora de DPS, el trabajo de Sondra se basa en la creencia de que el cambio social positivo comienza en el aula. La educaci\u00f3n es la [&hellip;]\" \/>\n<meta property=\"og:url\" content=\"https:\/\/denverfamilies.org\/es\/por-que-deberia-involucrarse-en-la-defensa-de-la-educacion-incluso-si-no-tiene-hijos\/\" \/>\n<meta property=\"og:site_name\" content=\"Denver Families for Public Schools\" \/>\n<meta property=\"article:publisher\" content=\"https:\/\/www.facebook.com\/DenverFamiliesforPublicSchools\" \/>\n<meta property=\"article:published_time\" content=\"2024-09-05T23:45:52+00:00\" \/>\n<meta property=\"og:image\" content=\"https:\/\/denverfamilies.org\/wp-content\/uploads\/2026\/01\/denver-families-site-image.jpg\" \/>\n\t<meta property=\"og:image:width\" content=\"1200\" \/>\n\t<meta property=\"og:image:height\" content=\"675\" \/>\n\t<meta property=\"og:image:type\" content=\"image\/jpeg\" \/>\n<meta name=\"author\" content=\"campfire\" \/>\n<meta name=\"twitter:card\" content=\"summary_large_image\" \/>\n<meta name=\"twitter:label1\" content=\"Escrito por\" \/>\n\t<meta name=\"twitter:data1\" content=\"campfire\" \/>\n\t<meta name=\"twitter:label2\" content=\"Tiempo de lectura\" \/>\n\t<meta name=\"twitter:data2\" content=\"3 minutos\" \/>\n<script type=\"application\/ld+json\" class=\"yoast-schema-graph\">{\"@context\":\"https:\\\/\\\/schema.org\",\"@graph\":[{\"@type\":\"Article\",\"@id\":\"https:\\\/\\\/denverfamilies.org\\\/es\\\/por-que-deberia-involucrarse-en-la-defensa-de-la-educacion-incluso-si-no-tiene-hijos\\\/#article\",\"isPartOf\":{\"@id\":\"https:\\\/\\\/denverfamilies.org\\\/es\\\/por-que-deberia-involucrarse-en-la-defensa-de-la-educacion-incluso-si-no-tiene-hijos\\\/\"},\"author\":{\"name\":\"campfire\",\"@id\":\"https:\\\/\\\/denverfamilies.org\\\/es\\\/#\\\/schema\\\/person\\\/3d7a9e98c3a8eaeaa20892788a5d1d07\"},\"headline\":\"\u00bfPor qu\u00e9 deber\u00eda involucrarse en la defensa de la educaci\u00f3n, incluso si no tiene hijos?\",\"datePublished\":\"2024-09-05T23:45:52+00:00\",\"mainEntityOfPage\":{\"@id\":\"https:\\\/\\\/denverfamilies.org\\\/es\\\/por-que-deberia-involucrarse-en-la-defensa-de-la-educacion-incluso-si-no-tiene-hijos\\\/\"},\"wordCount\":688,\"commentCount\":0,\"publisher\":{\"@id\":\"https:\\\/\\\/denverfamilies.org\\\/es\\\/#organization\"},\"articleSection\":[\"Noticias\"],\"inLanguage\":\"es\",\"potentialAction\":[{\"@type\":\"CommentAction\",\"name\":\"Comment\",\"target\":[\"https:\\\/\\\/denverfamilies.org\\\/es\\\/por-que-deberia-involucrarse-en-la-defensa-de-la-educacion-incluso-si-no-tiene-hijos\\\/#respond\"]}]},{\"@type\":\"WebPage\",\"@id\":\"https:\\\/\\\/denverfamilies.org\\\/es\\\/por-que-deberia-involucrarse-en-la-defensa-de-la-educacion-incluso-si-no-tiene-hijos\\\/\",\"url\":\"https:\\\/\\\/denverfamilies.org\\\/es\\\/por-que-deberia-involucrarse-en-la-defensa-de-la-educacion-incluso-si-no-tiene-hijos\\\/\",\"name\":\"\u00bfPor qu\u00e9 deber\u00eda involucrarse en la defensa de la educaci\u00f3n, incluso si no tiene hijos? - Denver Families for Public Schools\",\"isPartOf\":{\"@id\":\"https:\\\/\\\/denverfamilies.org\\\/es\\\/#website\"},\"datePublished\":\"2024-09-05T23:45:52+00:00\",\"inLanguage\":\"es\",\"potentialAction\":[{\"@type\":\"ReadAction\",\"target\":[\"https:\\\/\\\/denverfamilies.org\\\/es\\\/por-que-deberia-involucrarse-en-la-defensa-de-la-educacion-incluso-si-no-tiene-hijos\\\/\"]}]},{\"@type\":\"WebSite\",\"@id\":\"https:\\\/\\\/denverfamilies.org\\\/es\\\/#website\",\"url\":\"https:\\\/\\\/denverfamilies.org\\\/es\\\/\",\"name\":\"Denver Families for Public Schools\",\"description\":\"A strong public education system is the backbone of a strong democracy.\",\"publisher\":{\"@id\":\"https:\\\/\\\/denverfamilies.org\\\/es\\\/#organization\"},\"potentialAction\":[{\"@type\":\"SearchAction\",\"target\":{\"@type\":\"EntryPoint\",\"urlTemplate\":\"https:\\\/\\\/denverfamilies.org\\\/es\\\/?s={search_term_string}\"},\"query-input\":{\"@type\":\"PropertyValueSpecification\",\"valueRequired\":true,\"valueName\":\"search_term_string\"}}],\"inLanguage\":\"es\"},{\"@type\":\"Organization\",\"@id\":\"https:\\\/\\\/denverfamilies.org\\\/es\\\/#organization\",\"name\":\"Denver Families for Public Schools\",\"url\":\"https:\\\/\\\/denverfamilies.org\\\/es\\\/\",\"logo\":{\"@type\":\"ImageObject\",\"inLanguage\":\"es\",\"@id\":\"https:\\\/\\\/denverfamilies.org\\\/es\\\/#\\\/schema\\\/logo\\\/image\\\/\",\"url\":\"https:\\\/\\\/denverfamilies.org\\\/wp-content\\\/uploads\\\/2026\\\/01\\\/denver-families-logo.png\",\"contentUrl\":\"https:\\\/\\\/denverfamilies.org\\\/wp-content\\\/uploads\\\/2026\\\/01\\\/denver-families-logo.png\",\"width\":962,\"height\":240,\"caption\":\"Denver Families for Public Schools\"},\"image\":{\"@id\":\"https:\\\/\\\/denverfamilies.org\\\/es\\\/#\\\/schema\\\/logo\\\/image\\\/\"},\"sameAs\":[\"https:\\\/\\\/www.facebook.com\\\/DenverFamiliesforPublicSchools\",\"https:\\\/\\\/www.instagram.com\\\/denverfamilies\\\/\",\"https:\\\/\\\/www.linkedin.com\\\/company\\\/denverfamilies\"]},{\"@type\":\"Person\",\"@id\":\"https:\\\/\\\/denverfamilies.org\\\/es\\\/#\\\/schema\\\/person\\\/3d7a9e98c3a8eaeaa20892788a5d1d07\",\"name\":\"campfire\",\"image\":{\"@type\":\"ImageObject\",\"inLanguage\":\"es\",\"@id\":\"https:\\\/\\\/secure.gravatar.com\\\/avatar\\\/6733e6da6749032386727e5e45370abcb362d7179f4955387066655c85255e15?s=96&d=mm&r=g\",\"url\":\"https:\\\/\\\/secure.gravatar.com\\\/avatar\\\/6733e6da6749032386727e5e45370abcb362d7179f4955387066655c85255e15?s=96&d=mm&r=g\",\"contentUrl\":\"https:\\\/\\\/secure.gravatar.com\\\/avatar\\\/6733e6da6749032386727e5e45370abcb362d7179f4955387066655c85255e15?s=96&d=mm&r=g\",\"caption\":\"campfire\"},\"sameAs\":[\"https:\\\/\\\/dfc3prd.wpenginepowered.com\"]}]}<\/script>\n<!-- \/ Yoast SEO plugin. -->","yoast_head_json":{"title":"\u00bfPor qu\u00e9 deber\u00eda involucrarse en la defensa de la educaci\u00f3n, incluso si no tiene hijos? - Denver Families for Public Schools","robots":{"index":"index","follow":"follow","max-snippet":"max-snippet:-1","max-image-preview":"max-image-preview:large","max-video-preview":"max-video-preview:-1"},"canonical":"https:\/\/denverfamilies.org\/es\/por-que-deberia-involucrarse-en-la-defensa-de-la-educacion-incluso-si-no-tiene-hijos\/","og_locale":"es_ES","og_type":"article","og_title":"\u00bfPor qu\u00e9 deber\u00eda involucrarse en la defensa de la educaci\u00f3n, incluso si no tiene hijos? - Denver Families for Public Schools","og_description":"Por Sondra Batters Sondra Batters es una educadora comunitaria en el \u00e1rea metropolitana de Denver y Embajadora de Defensa de Familias de Denver para las Escuelas P\u00fablicas. Como antigua educadora de DPS, el trabajo de Sondra se basa en la creencia de que el cambio social positivo comienza en el aula. La educaci\u00f3n es la [&hellip;]","og_url":"https:\/\/denverfamilies.org\/es\/por-que-deberia-involucrarse-en-la-defensa-de-la-educacion-incluso-si-no-tiene-hijos\/","og_site_name":"Denver Families for Public Schools","article_publisher":"https:\/\/www.facebook.com\/DenverFamiliesforPublicSchools","article_published_time":"2024-09-05T23:45:52+00:00","og_image":[{"width":1200,"height":675,"url":"https:\/\/denverfamilies.org\/wp-content\/uploads\/2026\/01\/denver-families-site-image.jpg","type":"image\/jpeg"}],"author":"campfire","twitter_card":"summary_large_image","twitter_misc":{"Escrito por":"campfire","Tiempo de lectura":"3 minutos"},"schema":{"@context":"https:\/\/schema.org","@graph":[{"@type":"Article","@id":"https:\/\/denverfamilies.org\/es\/por-que-deberia-involucrarse-en-la-defensa-de-la-educacion-incluso-si-no-tiene-hijos\/#article","isPartOf":{"@id":"https:\/\/denverfamilies.org\/es\/por-que-deberia-involucrarse-en-la-defensa-de-la-educacion-incluso-si-no-tiene-hijos\/"},"author":{"name":"campfire","@id":"https:\/\/denverfamilies.org\/es\/#\/schema\/person\/3d7a9e98c3a8eaeaa20892788a5d1d07"},"headline":"\u00bfPor qu\u00e9 deber\u00eda involucrarse en la defensa de la educaci\u00f3n, incluso si no tiene hijos?","datePublished":"2024-09-05T23:45:52+00:00","mainEntityOfPage":{"@id":"https:\/\/denverfamilies.org\/es\/por-que-deberia-involucrarse-en-la-defensa-de-la-educacion-incluso-si-no-tiene-hijos\/"},"wordCount":688,"commentCount":0,"publisher":{"@id":"https:\/\/denverfamilies.org\/es\/#organization"},"articleSection":["Noticias"],"inLanguage":"es","potentialAction":[{"@type":"CommentAction","name":"Comment","target":["https:\/\/denverfamilies.org\/es\/por-que-deberia-involucrarse-en-la-defensa-de-la-educacion-incluso-si-no-tiene-hijos\/#respond"]}]},{"@type":"WebPage","@id":"https:\/\/denverfamilies.org\/es\/por-que-deberia-involucrarse-en-la-defensa-de-la-educacion-incluso-si-no-tiene-hijos\/","url":"https:\/\/denverfamilies.org\/es\/por-que-deberia-involucrarse-en-la-defensa-de-la-educacion-incluso-si-no-tiene-hijos\/","name":"\u00bfPor qu\u00e9 deber\u00eda involucrarse en la defensa de la educaci\u00f3n, incluso si no tiene hijos? - Denver Families for Public Schools","isPartOf":{"@id":"https:\/\/denverfamilies.org\/es\/#website"},"datePublished":"2024-09-05T23:45:52+00:00","inLanguage":"es","potentialAction":[{"@type":"ReadAction","target":["https:\/\/denverfamilies.org\/es\/por-que-deberia-involucrarse-en-la-defensa-de-la-educacion-incluso-si-no-tiene-hijos\/"]}]},{"@type":"WebSite","@id":"https:\/\/denverfamilies.org\/es\/#website","url":"https:\/\/denverfamilies.org\/es\/","name":"Denver Families for Public Schools","description":"A strong public education system is the backbone of a strong democracy.","publisher":{"@id":"https:\/\/denverfamilies.org\/es\/#organization"},"potentialAction":[{"@type":"SearchAction","target":{"@type":"EntryPoint","urlTemplate":"https:\/\/denverfamilies.org\/es\/?s={search_term_string}"},"query-input":{"@type":"PropertyValueSpecification","valueRequired":true,"valueName":"search_term_string"}}],"inLanguage":"es"},{"@type":"Organization","@id":"https:\/\/denverfamilies.org\/es\/#organization","name":"Denver Families for Public Schools","url":"https:\/\/denverfamilies.org\/es\/","logo":{"@type":"ImageObject","inLanguage":"es","@id":"https:\/\/denverfamilies.org\/es\/#\/schema\/logo\/image\/","url":"https:\/\/denverfamilies.org\/wp-content\/uploads\/2026\/01\/denver-families-logo.png","contentUrl":"https:\/\/denverfamilies.org\/wp-content\/uploads\/2026\/01\/denver-families-logo.png","width":962,"height":240,"caption":"Denver Families for Public Schools"},"image":{"@id":"https:\/\/denverfamilies.org\/es\/#\/schema\/logo\/image\/"},"sameAs":["https:\/\/www.facebook.com\/DenverFamiliesforPublicSchools","https:\/\/www.instagram.com\/denverfamilies\/","https:\/\/www.linkedin.com\/company\/denverfamilies"]},{"@type":"Person","@id":"https:\/\/denverfamilies.org\/es\/#\/schema\/person\/3d7a9e98c3a8eaeaa20892788a5d1d07","name":"campfire","image":{"@type":"ImageObject","inLanguage":"es","@id":"https:\/\/secure.gravatar.com\/avatar\/6733e6da6749032386727e5e45370abcb362d7179f4955387066655c85255e15?s=96&d=mm&r=g","url":"https:\/\/secure.gravatar.com\/avatar\/6733e6da6749032386727e5e45370abcb362d7179f4955387066655c85255e15?s=96&d=mm&r=g","contentUrl":"https:\/\/secure.gravatar.com\/avatar\/6733e6da6749032386727e5e45370abcb362d7179f4955387066655c85255e15?s=96&d=mm&r=g","caption":"campfire"},"sameAs":["https:\/\/dfc3prd.wpenginepowered.com"]}]}},"_links":{"self":[{"href":"https:\/\/denverfamilies.org\/es\/wp-json\/wp\/v2\/posts\/3770","targetHints":{"allow":["GET"]}}],"collection":[{"href":"https:\/\/denverfamilies.org\/es\/wp-json\/wp\/v2\/posts"}],"about":[{"href":"https:\/\/denverfamilies.org\/es\/wp-json\/wp\/v2\/types\/post"}],"author":[{"embeddable":true,"href":"https:\/\/denverfamilies.org\/es\/wp-json\/wp\/v2\/users\/1"}],"replies":[{"embeddable":true,"href":"https:\/\/denverfamilies.org\/es\/wp-json\/wp\/v2\/comments?post=3770"}],"version-history":[{"count":0,"href":"https:\/\/denverfamilies.org\/es\/wp-json\/wp\/v2\/posts\/3770\/revisions"}],"wp:attachment":[{"href":"https:\/\/denverfamilies.org\/es\/wp-json\/wp\/v2\/media?parent=3770"}],"wp:term":[{"taxonomy":"category","embeddable":true,"href":"https:\/\/denverfamilies.org\/es\/wp-json\/wp\/v2\/categories?post=3770"},{"taxonomy":"post_tag","embeddable":true,"href":"https:\/\/denverfamilies.org\/es\/wp-json\/wp\/v2\/tags?post=3770"}],"curies":[{"name":"wp","href":"https:\/\/api.w.org\/{rel}","templated":true}]}}